{"id":8326,"date":"2025-12-09T07:41:41","date_gmt":"2025-12-09T05:41:41","guid":{"rendered":"https:\/\/www.fpe.ro\/?p=8326"},"modified":"2026-03-03T16:50:13","modified_gmt":"2026-03-03T14:50:13","slug":"o-regiune-un-singur-glas-europa-centrala-si-de-est-si-a-definit-prioritatile-la-bucuresti","status":"publish","type":"post","link":"https:\/\/www.fpe.ro\/en\/o-regiune-un-singur-glas-europa-centrala-si-de-est-si-a-definit-prioritatile-la-bucuresti\/","title":{"rendered":"One region, one voice: Central and Eastern Europe defined its priorities in Bucharest"},"content":{"rendered":"<h3 class=\"wp-block-heading has-text-align-center\">Romanian International Energy Conference (RIEC) 2025 - the dialog underpinning cooperation<\/h3>\n\n\n\n<p>The 7th <strong>Romanian International Energy Conference <\/strong>(formerly known as the Romanian Internation Gas Conference RIGC), organized by <strong>Federa\u021bia Patronal\u0103 a Energiei, <\/strong>under the patronage of <strong>Ministry of Energy, <\/strong>brought together political leaders, managers of strategic companies and regional experts.  The aim of the event is to create space for high-level debate and to shape the energy future of Central and Eastern Europe.<\/p>\n\n\n\n<p>The main coordinates of this edition have been set during the 5 dialogue sessions and were related to trends in the development of the energy sector, new demands of the economy on the energy sector, innovation as a driver of decarbonization and energy production, success stories and local implementation of European policies and, last but not least, energy security and the importance of regional cooperation.<\/p>\n\n\n\n<blockquote class=\"wp-block-quote is-layout-flow wp-block-quote-is-layout-flow\">\n<p>You can watch the recording of the whole event here: <a href=\"https:\/\/www.riec.ro\/\" target=\"_blank\" rel=\"noopener\" title=\"\">riec.ro<\/a><\/p>\n<\/blockquote>\n\n\n\n<p>One of the leitmotifs of this edition was the need for closer cooperation between the countries of our region. This emerging regional awareness of the energy sector, as the discussions showed, could prove to be the driving force for consistent development. The experts present showed that physical proximity and economic and social similarities can be the basis for joint action to meet the challenges facing our countries.<\/p>\n\n\n\n<p>Another important element brought up for discussion was the adoption of European legislation: NZIA, ETS 2, Methane Emission Reduction Regulation pose various problems. Therefore participants shared observations and solutions to meet the requirements on time, as well as strategies on how our countries can better defend their interests in Brussels.<\/p>\n\n\n\n<p>The following are some of the views expressed during this edition, as a benchmark for the directions of dialog and the atmosphere of this day, in the order of the event. And, of course, as an argument to build your confidence that energy has a promising and secure future in our region.<\/p>\n\n\n\n<blockquote class=\"wp-block-quote is-layout-flow wp-block-quote-is-layout-flow\">\n<p><strong>VICTOR NEGRESCU - VICE-PRESIDENT OF THE EUROPEAN PARLIAMENT<\/strong><\/p>\n<\/blockquote>\n\n\n\n<figure class=\"wp-block-embed is-type-video is-provider-vimeo wp-block-embed-vimeo wp-embed-aspect-16-9 wp-has-aspect-ratio\"><div class=\"wp-block-embed__wrapper\">\n<iframe loading=\"lazy\" title=\"8 - Victor Negrescu\" src=\"https:\/\/player.vimeo.com\/video\/1141156911?h=ee56b96a1a&amp;dnt=1&amp;app_id=122963\" width=\"1080\" height=\"608\" frameborder=\"0\" allow=\"autoplay; fullscreen; picture-in-picture; clipboard-write; encrypted-media; web-share\" referrerpolicy=\"strict-origin-when-cross-origin\"><\/iframe>\n<\/div><\/figure>\n\n\n\n<blockquote class=\"wp-block-quote is-layout-flow wp-block-quote-is-layout-flow\">\n<p><strong>BOGDAN IVAN - MINISTER OF ENERGY, ROMANIA<\/strong><\/p>\n<\/blockquote>\n\n\n\n<figure class=\"wp-block-embed is-type-video is-provider-vimeo wp-block-embed-vimeo wp-embed-aspect-16-9 wp-has-aspect-ratio\"><div class=\"wp-block-embed__wrapper\">\n<iframe loading=\"lazy\" title=\"3 BOGDAN IVAN - MINISTER OF ENERGY\" src=\"https:\/\/player.vimeo.com\/video\/1140760321?h=eaf9223bf9&amp;dnt=1&amp;app_id=122963\" width=\"1080\" height=\"608\" frameborder=\"0\" allow=\"autoplay; fullscreen; picture-in-picture; clipboard-write; encrypted-media; web-share\" referrerpolicy=\"strict-origin-when-cross-origin\"><\/iframe>\n<\/div><\/figure>\n\n\n\n<blockquote class=\"wp-block-quote is-layout-flow wp-block-quote-is-layout-flow\">\n<p><strong>P\u00c9TER SZIJJJ\u00c1RT\u00d3 - MINISTER OF FOREIGN AFFAIRS AND TRADE, HUNGARY<\/strong><\/p>\n<\/blockquote>\n\n\n\n<figure class=\"wp-block-embed is-type-video is-provider-vimeo wp-block-embed-vimeo wp-embed-aspect-16-9 wp-has-aspect-ratio\"><div class=\"wp-block-embed__wrapper\">\n<iframe loading=\"lazy\" title=\"4 P\u00c9TER SZIJJJ\u00c1RT\u00d3- MINISTER OF FOREIGN AFFAIRS AND TRADE, HUNGARY\" src=\"https:\/\/player.vimeo.com\/video\/1140760495?h=be0b0c936d&amp;dnt=1&amp;app_id=122963\" width=\"1080\" height=\"608\" frameborder=\"0\" allow=\"autoplay; fullscreen; picture-in-picture; clipboard-write; encrypted-media; web-share\" referrerpolicy=\"strict-origin-when-cross-origin\"><\/iframe>\n<\/div><\/figure>\n\n\n\n<blockquote class=\"wp-block-quote is-layout-flow wp-block-quote-is-layout-flow\">\n<p><strong>DIANA BUZOIANU - ENVIRONMENT MINISTER, ROMANIA<\/strong><\/p>\n<\/blockquote>\n\n\n\n<figure class=\"wp-block-embed is-type-video is-provider-vimeo wp-block-embed-vimeo wp-embed-aspect-16-9 wp-has-aspect-ratio\"><div class=\"wp-block-embed__wrapper\">\n<iframe loading=\"lazy\" title=\"5 DIANA BUZOIANU - MINISTER OF ENVIRONMENT, ROMANIA\" src=\"https:\/\/player.vimeo.com\/video\/1140762342?h=a24ca7efb8&amp;dnt=1&amp;app_id=122963\" width=\"1080\" height=\"608\" frameborder=\"0\" allow=\"autoplay; fullscreen; picture-in-picture; clipboard-write; encrypted-media; web-share\" referrerpolicy=\"strict-origin-when-cross-origin\"><\/iframe>\n<\/div><\/figure>\n\n\n\n<blockquote class=\"wp-block-quote is-layout-flow wp-block-quote-is-layout-flow\">\n<p><strong>CRISTIAN BU\u0218OI - STATE SECRETARY, MINISTRY OF ENERGY<\/strong><\/p>\n<\/blockquote>\n\n\n\n<figure class=\"wp-block-embed is-type-video is-provider-vimeo wp-block-embed-vimeo wp-embed-aspect-16-9 wp-has-aspect-ratio\"><div class=\"wp-block-embed__wrapper\">\n<iframe loading=\"lazy\" title=\"9 - Cristian Busoi\" src=\"https:\/\/player.vimeo.com\/video\/1141405650?h=4fae9caf26&amp;dnt=1&amp;app_id=122963\" width=\"1080\" height=\"608\" frameborder=\"0\" allow=\"autoplay; fullscreen; picture-in-picture; clipboard-write; encrypted-media; web-share\" referrerpolicy=\"strict-origin-when-cross-origin\"><\/iframe>\n<\/div><\/figure>\n\n\n\n<blockquote class=\"wp-block-quote is-layout-flow wp-block-quote-is-layout-flow\">\n<p><strong>ION STERIAN - GENERAL DIRECTOR ,TRANSGAZ<\/strong><\/p>\n<\/blockquote>\n\n\n\n<figure class=\"wp-block-embed is-type-video is-provider-vimeo wp-block-embed-vimeo wp-embed-aspect-16-9 wp-has-aspect-ratio\"><div class=\"wp-block-embed__wrapper\">\n<iframe loading=\"lazy\" title=\"7 ION STERIAN - GENERAL DIRECTOR TRANSGAZ\" src=\"https:\/\/player.vimeo.com\/video\/1140763592?h=9f446f4dd7&amp;dnt=1&amp;app_id=122963\" width=\"1080\" height=\"608\" frameborder=\"0\" allow=\"autoplay; fullscreen; picture-in-picture; clipboard-write; encrypted-media; web-share\" referrerpolicy=\"strict-origin-when-cross-origin\"><\/iframe>\n<\/div><\/figure>\n\n\n\n<blockquote class=\"wp-block-quote is-layout-flow wp-block-quote-is-layout-flow\">\n<p><strong>R\u0102ZVAN POPESCU - CEO ROMGAZ<\/strong><\/p>\n<\/blockquote>\n\n\n\n<figure class=\"wp-block-embed is-type-video is-provider-vimeo wp-block-embed-vimeo wp-embed-aspect-16-9 wp-has-aspect-ratio\"><div class=\"wp-block-embed__wrapper\">\n<iframe loading=\"lazy\" title=\"6 R\u0102ZVAN POPESCU - CEO ROMGAZ\" src=\"https:\/\/player.vimeo.com\/video\/1140762475?h=b82114540c&amp;dnt=1&amp;app_id=122963\" width=\"1080\" height=\"608\" frameborder=\"0\" allow=\"autoplay; fullscreen; picture-in-picture; clipboard-write; encrypted-media; web-share\" referrerpolicy=\"strict-origin-when-cross-origin\"><\/iframe>\n<\/div><\/figure>\n\n\n\n<blockquote class=\"wp-block-quote is-layout-flow wp-block-quote-is-layout-flow\">\n<p><strong>OANA IJDELEA - MANAGING PARTNER IJDELEA &amp; ASSOCIATES; MEMBER OF THE BOARD OF BLACK SEA OIL &amp; GAS<\/strong><\/p>\n<\/blockquote>\n\n\n\n<figure class=\"wp-block-embed is-type-video is-provider-vimeo wp-block-embed-vimeo wp-embed-aspect-16-9 wp-has-aspect-ratio\"><div class=\"wp-block-embed__wrapper\">\n<iframe loading=\"lazy\" title=\"1 OANA IJDELEA\" src=\"https:\/\/player.vimeo.com\/video\/1140760639?h=9e16953ef8&amp;dnt=1&amp;app_id=122963\" width=\"1080\" height=\"608\" frameborder=\"0\" allow=\"autoplay; fullscreen; picture-in-picture; clipboard-write; encrypted-media; web-share\" referrerpolicy=\"strict-origin-when-cross-origin\"><\/iframe>\n<\/div><\/figure>\n\n\n\n<blockquote class=\"wp-block-quote is-layout-flow wp-block-quote-is-layout-flow\">\n<p><strong>ANDREAS GUTH - SECRETARY GENERAL EUROGAS<\/strong><\/p>\n<\/blockquote>\n\n\n\n<figure class=\"wp-block-embed is-type-video is-provider-vimeo wp-block-embed-vimeo wp-embed-aspect-16-9 wp-has-aspect-ratio\"><div class=\"wp-block-embed__wrapper\">\n<iframe loading=\"lazy\" title=\"2 ANDREAS GUTH - SECRETARY GENERAL EUROGAS\" src=\"https:\/\/player.vimeo.com\/video\/1140760719?h=6eb42c7d15&amp;dnt=1&amp;app_id=122963\" width=\"1080\" height=\"608\" frameborder=\"0\" allow=\"autoplay; fullscreen; picture-in-picture; clipboard-write; encrypted-media; web-share\" referrerpolicy=\"strict-origin-when-cross-origin\"><\/iframe>\n<\/div><\/figure>\n\n\n\n<blockquote class=\"wp-block-quote is-layout-flow wp-block-quote-is-layout-flow\">\n<p><strong>FRANCK NEEL - BOARD MEMBER OF OMV PETROM &amp; PRESIDENT OF THE ENERGY EMPLOYERS' FEDERATION<\/strong><\/p>\n<\/blockquote>\n\n\n\n<figure class=\"wp-block-embed is-type-video is-provider-vimeo wp-block-embed-vimeo wp-embed-aspect-16-9 wp-has-aspect-ratio\"><div class=\"wp-block-embed__wrapper\">\n<iframe loading=\"lazy\" title=\"10 - FRANCK NEEL\" src=\"https:\/\/player.vimeo.com\/video\/1141408464?h=170f4c1cf0&amp;dnt=1&amp;app_id=122963\" width=\"1080\" height=\"608\" frameborder=\"0\" allow=\"autoplay; fullscreen; picture-in-picture; clipboard-write; encrypted-media; web-share\" referrerpolicy=\"strict-origin-when-cross-origin\"><\/iframe>\n<\/div><\/figure>\n\n\n\n<p>Federa\u021bia Patronal\u0103 a Energiei thanks all the speakers and guests for their participation and interest in Romanian and regional energy. Our sector is in the front line when - under the pressure of the geopolitical context - society needs energy security. The energy sector brings models of best practice, reliability and the search for the best solutions so that the economy and citizens have the energy they need for ongoing projects and the comfort they desire.<\/p>\n\n\n\n<p>Let's meet up energized for the next edition!<\/p>","protected":false},"excerpt":{"rendered":"<p>Romanian International Energy Conference (RIEC) 2025 \u2013 the dialogue that underpins cooperation The 7th edition of the Romanian International Energy Conference (formerly known as the Romanian International Gas Conference RIGC), organized by Federa\u021bia Patronal\u0103 a Energiei, under the High Patronage of the Ministry...<\/p>","protected":false},"author":2,"featured_media":8327,"comment_status":"closed","ping_status":"open","sticky":false,"template":"","format":"standard","meta":{"footnotes":""},"categories":[33,30],"tags":[],"class_list":{"0":"post-8326","1":"post","2":"type-post","3":"status-publish","4":"format-standard","5":"has-post-thumbnail","7":"category-articole","8":"category-noutati"},"aioseo_notices":[],"_links":{"self":[{"href":"https:\/\/www.fpe.ro\/en\/wp-json\/wp\/v2\/posts\/8326","targetHints":{"allow":["GET"]}}],"collection":[{"href":"https:\/\/www.fpe.ro\/en\/wp-json\/wp\/v2\/posts"}],"about":[{"href":"https:\/\/www.fpe.ro\/en\/wp-json\/wp\/v2\/types\/post"}],"author":[{"embeddable":true,"href":"https:\/\/www.fpe.ro\/en\/wp-json\/wp\/v2\/users\/2"}],"replies":[{"embeddable":true,"href":"https:\/\/www.fpe.ro\/en\/wp-json\/wp\/v2\/comments?post=8326"}],"version-history":[{"count":6,"href":"https:\/\/www.fpe.ro\/en\/wp-json\/wp\/v2\/posts\/8326\/revisions"}],"predecessor-version":[{"id":8337,"href":"https:\/\/www.fpe.ro\/en\/wp-json\/wp\/v2\/posts\/8326\/revisions\/8337"}],"wp:featuredmedia":[{"embeddable":true,"href":"https:\/\/www.fpe.ro\/en\/wp-json\/wp\/v2\/media\/8327"}],"wp:attachment":[{"href":"https:\/\/www.fpe.ro\/en\/wp-json\/wp\/v2\/media?parent=8326"}],"wp:term":[{"taxonomy":"category","embeddable":true,"href":"https:\/\/www.fpe.ro\/en\/wp-json\/wp\/v2\/categories?post=8326"},{"taxonomy":"post_tag","embeddable":true,"href":"https:\/\/www.fpe.ro\/en\/wp-json\/wp\/v2\/tags?post=8326"}],"curies":[{"name":"wp","href":"https:\/\/api.w.org\/{rel}","templated":true}]}}