{"id":7697,"date":"2020-04-14T10:09:00","date_gmt":"2020-04-14T07:09:00","guid":{"rendered":"https:\/\/www.fpe.ro\/?p=7697"},"modified":"2024-11-20T11:24:18","modified_gmt":"2024-11-20T09:24:18","slug":"redresarea-sectorului-de-petrol-si-gaze-efort-comun-al-statului-si-al-industriei","status":"publish","type":"post","link":"https:\/\/www.fpe.ro\/en\/redresarea-sectorului-de-petrol-si-gaze-efort-comun-al-statului-si-al-industriei\/","title":{"rendered":"Oil and gas sector recovery: a joint state and industry effort"},"content":{"rendered":"<p>In the context of the crisis generated by COVID-19 and the profound impact that the measures recently adopted by the authorities have had on the economy, the FPPG calls for permanent consultations with the government in order to prioritize projects aimed at supporting real economic recovery, medium and long-term recovery and stimulating private investment through competitive fiscal conditions.<\/p>\n\n\n\n<p>&nbsp;We unanimously recognize that it is of paramount importance to protect people both during the declared state of emergency and after its lifting. At the same time, reducing the negative impact of the Covid-19 pandemic on Romania's long-term economic competitiveness can be achieved by restoring the balance between state and society.<\/p>\n\n\n\n<p>&nbsp;The oil and gas industry is facing the most difficult period in the last century. At the same time, the oil and gas industry can become a driving force for Romania's economic recovery, given its weight in the economy through the investments made, the annual contributions to the state budget and the number of employees. In this context, the members of the federation propose the following measures:<\/p>\n\n\n\n<ol start=\"1\" class=\"wp-block-list\">\n<li><strong>Economic recovery through large-scale projects - Black Sea<\/strong><strong>\u00a0and the urgent need to amend the offshore law\u00a0<\/strong>to clarify the stability clause, define competitive fiscal terms and create free market conditions.<\/li>\n<\/ol>\n\n\n\n<ol start=\"2\" class=\"wp-block-list\">\n<li><strong>Liberalization of the gas market and abolition of additional taxation from 1 July<\/strong>\u00a0- linked to the implementation of measures to protect vulnerable consumers.<\/li>\n<\/ol>\n\n\n\n<ol start=\"3\" class=\"wp-block-list\">\n<li><strong>Modernizing the energy law (123\/2012):<\/strong><\/li>\n<\/ol>\n\n\n\n<ol start=\"3\" class=\"wp-block-list\">\n<li>\n<ol start=\"1\" style=\"list-style-type:lower-alpha\" class=\"wp-block-list\">\n<li>so that the changes allow new investments in electricity generation capacity (bilateral contracts).<\/li>\n<\/ol>\n<\/li>\n<\/ol>\n\n\n\n<ol start=\"3\" class=\"wp-block-list\">\n<li>\n<ol start=\"2\" style=\"list-style-type:lower-alpha\" class=\"wp-block-list\">\n<li>Liberalization must allow for autonomous price formation, the abolition of the obligation to trade on centralized markets (CMOs) and its replacement by a Gas Release Program, to be discussed in advance with the whole industry.<\/li>\n<\/ol>\n<\/li>\n<\/ol>\n\n\n\n<ol start=\"4\" class=\"wp-block-list\">\n<li><strong>Unlocking EU-funded projects - to facilitate\u00a0<\/strong>new technological solutions that enable collaboration between industries in the energy transition.<\/li>\n<\/ol>\n\n\n\n<ol start=\"5\" class=\"wp-block-list\">\n<li><strong>Digitizing the oil and gas industry\u00a0<\/strong>in order to de-bureaucratize and promote new technologies to support businesses and authorities alike.<\/li>\n<\/ol>\n\n\n\n<ol start=\"6\" class=\"wp-block-list\">\n<li><strong>Promoting energy efficiency projects -\u00a0<\/strong>This would allow considerable investment in energy efficiency in buildings and help lower utility bills.<\/li>\n<\/ol>\n\n\n\n<ol start=\"7\" class=\"wp-block-list\">\n<li><strong>Urgent amendment of the Labor Code\u00a0<\/strong>and matching provisions with employers' needs.<\/li>\n<\/ol>\n\n\n\n<p>The analysis of the current situation and the FPPG's proposals for economic recovery are to be submitted to the authorities and published on the association's website.<\/p>","protected":false},"excerpt":{"rendered":"<p>\u00cen contextul crizei generate de COVID-19 \u0219i a impactului profund pe care m\u0103surile adopate recent de autorit\u0103\u021bi le au asupra economiei, FPPG solicit\u0103 guvernului consult\u0103ri permanente \u00een vederea prioritiz\u0103rii proiectelor menite s\u0103 sprijine \u00een mod real redresarea economic\u0103,&nbsp;recuperarea&nbsp; pe termen&#8230;<\/p>","protected":false},"author":2,"featured_media":7541,"comment_status":"open","ping_status":"open","sticky":false,"template":"","format":"standard","meta":{"footnotes":""},"categories":[32,30],"tags":[],"class_list":{"0":"post-7697","1":"post","2":"type-post","3":"status-publish","4":"format-standard","5":"has-post-thumbnail","7":"category-comunicat-de-presa","8":"category-noutati"},"aioseo_notices":[],"_links":{"self":[{"href":"https:\/\/www.fpe.ro\/en\/wp-json\/wp\/v2\/posts\/7697","targetHints":{"allow":["GET"]}}],"collection":[{"href":"https:\/\/www.fpe.ro\/en\/wp-json\/wp\/v2\/posts"}],"about":[{"href":"https:\/\/www.fpe.ro\/en\/wp-json\/wp\/v2\/types\/post"}],"author":[{"embeddable":true,"href":"https:\/\/www.fpe.ro\/en\/wp-json\/wp\/v2\/users\/2"}],"replies":[{"embeddable":true,"href":"https:\/\/www.fpe.ro\/en\/wp-json\/wp\/v2\/comments?post=7697"}],"version-history":[{"count":2,"href":"https:\/\/www.fpe.ro\/en\/wp-json\/wp\/v2\/posts\/7697\/revisions"}],"predecessor-version":[{"id":7699,"href":"https:\/\/www.fpe.ro\/en\/wp-json\/wp\/v2\/posts\/7697\/revisions\/7699"}],"wp:featuredmedia":[{"embeddable":true,"href":"https:\/\/www.fpe.ro\/en\/wp-json\/wp\/v2\/media\/7541"}],"wp:attachment":[{"href":"https:\/\/www.fpe.ro\/en\/wp-json\/wp\/v2\/media?parent=7697"}],"wp:term":[{"taxonomy":"category","embeddable":true,"href":"https:\/\/www.fpe.ro\/en\/wp-json\/wp\/v2\/categories?post=7697"},{"taxonomy":"post_tag","embeddable":true,"href":"https:\/\/www.fpe.ro\/en\/wp-json\/wp\/v2\/tags?post=7697"}],"curies":[{"name":"wp","href":"https:\/\/api.w.org\/{rel}","templated":true}]}}